{"id":3410,"date":"2017-12-18T10:19:59","date_gmt":"2017-12-18T08:19:59","guid":{"rendered":"http:\/\/www.point-editions.com\/?p=3410"},"modified":"2017-12-18T10:19:59","modified_gmt":"2017-12-18T08:19:59","slug":"the-5th-mihai-eminescu-international-poetry-festival-in-craiova-romania-17-20-september-2017","status":"publish","type":"post","link":"https:\/\/www.point-editions.com\/en\/the-5th-mihai-eminescu-international-poetry-festival-in-craiova-romania-17-20-september-2017\/","title":{"rendered":"The 5th Mihai Eminescu International Poetry Festival in Craiova, Romania 17-20 September 2017"},"content":{"rendered":"<p>&nbsp;<\/p>\n<p style=\"text-align: center;\">The 5th Mihai Eminescu International Poetry Festival in Craiova, Romania 17-20 September 2017<\/p>\n<p style=\"text-align: center;\"><img decoding=\"async\" loading=\"lazy\" class=\"aligncenter wp-image-3417\" src=\"http:\/\/www.point-editions.com\/wp-content\/uploads\/2017\/12\/Foto-1-El-V-Festival-Internacional-de-Poesi\u0301a-Mihai-Eminescu-17-20-septiembre-2017-en-Craiova-Rumania-1.jpg\" alt=\"\" width=\"515\" height=\"1278\" \/><\/p>\n<p style=\"text-align: center;\">Ion Deaconescu presenting the Mihai Eninescu Poetry Prize to Dmitro Tchystiak, poet from Ukraina<\/p>\n<p style=\"text-align: center;\"><img decoding=\"async\" loading=\"lazy\" class=\"aligncenter size-full wp-image-3416\" src=\"http:\/\/www.point-editions.com\/wp-content\/uploads\/2017\/12\/F2-Ion-Deaconescu-otorgando-el-premio-Mihai-Eminescu-a-to-Dmitro-Tchystiak-.jpg\" alt=\"\" width=\"283\" height=\"220\" srcset=\"https:\/\/www.point-editions.com\/wp-content\/uploads\/2017\/12\/F2-Ion-Deaconescu-otorgando-el-premio-Mihai-Eminescu-a-to-Dmitro-Tchystiak-.jpg 283w, https:\/\/www.point-editions.com\/wp-content\/uploads\/2017\/12\/F2-Ion-Deaconescu-otorgando-el-premio-Mihai-Eminescu-a-to-Dmitro-Tchystiak--200x155.jpg 200w\" sizes=\"(max-width: 283px) 100vw, 283px\" \/><\/p>\n<p style=\"text-align: center;\"><span class=\"il\">Germain<\/span>\u00a0Droogenbroodt reading at the theatre in Craiova<\/p>\n<p style=\"text-align: center;\"><img decoding=\"async\" loading=\"lazy\" class=\"aligncenter size-full wp-image-3415\" src=\"http:\/\/www.point-editions.com\/wp-content\/uploads\/2017\/12\/F3-Germain-Droogenbroodt-recitando-sus-poemas-en-el-teatro-de-Craiova-Rumania-copia.jpg\" alt=\"\" width=\"283\" height=\"200\" srcset=\"https:\/\/www.point-editions.com\/wp-content\/uploads\/2017\/12\/F3-Germain-Droogenbroodt-recitando-sus-poemas-en-el-teatro-de-Craiova-Rumania-copia.jpg 283w, https:\/\/www.point-editions.com\/wp-content\/uploads\/2017\/12\/F3-Germain-Droogenbroodt-recitando-sus-poemas-en-el-teatro-de-Craiova-Rumania-copia-200x141.jpg 200w, https:\/\/www.point-editions.com\/wp-content\/uploads\/2017\/12\/F3-Germain-Droogenbroodt-recitando-sus-poemas-en-el-teatro-de-Craiova-Rumania-copia-140x100.jpg 140w\" sizes=\"(max-width: 283px) 100vw, 283px\" \/><\/p>\n<p style=\"text-align: center;\">The Japanese poet Taeko Uemura reading at the Mihai Eminescu festival<\/p>\n<p style=\"text-align: center;\"><img decoding=\"async\" loading=\"lazy\" class=\"aligncenter size-full wp-image-3414\" src=\"http:\/\/www.point-editions.com\/wp-content\/uploads\/2017\/12\/F4-La-poeta-japonesa-Taeko-Uemura-recitando-copia.jpg\" alt=\"\" width=\"188\" height=\"283\" \/><\/p>\n<p style=\"text-align: center;\"><span class=\"il\">Germain<\/span>\u00a0Droogenbroodt with the Kurdish poet Hussein Habash in Craiova<\/p>\n<p style=\"text-align: center;\"><img decoding=\"async\" loading=\"lazy\" class=\"aligncenter size-full wp-image-3413\" src=\"http:\/\/www.point-editions.com\/wp-content\/uploads\/2017\/12\/F5-Germain-con-el-poeta-Kurdo-Hussein-Habash-en-Craiova.jpg\" alt=\"\" width=\"283\" height=\"189\" srcset=\"https:\/\/www.point-editions.com\/wp-content\/uploads\/2017\/12\/F5-Germain-con-el-poeta-Kurdo-Hussein-Habash-en-Craiova.jpg 283w, https:\/\/www.point-editions.com\/wp-content\/uploads\/2017\/12\/F5-Germain-con-el-poeta-Kurdo-Hussein-Habash-en-Craiova-200x134.jpg 200w\" sizes=\"(max-width: 283px) 100vw, 283px\" \/><\/p>\n<p style=\"text-align: center;\"><span class=\"il\">Germain<\/span>\u00a0Droogenbroodt with the Spanish poet Jos\u00e9 Ram\u00f3n Rip\u00f3ll and his wife<\/p>\n<p style=\"text-align: center;\"><img decoding=\"async\" loading=\"lazy\" class=\"aligncenter wp-image-3412\" src=\"http:\/\/www.point-editions.com\/wp-content\/uploads\/2017\/12\/F6-Germain-Droogenbroodt-con-Jose\u0301-Ramo\u0301n-Ripo\u0300ll-y-su-esposa.jpg\" alt=\"\" width=\"239\" height=\"468\" \/><\/p>\n<p style=\"text-align: center;\">The poets Alfredo P\u00e9rez Alencart,\u00a0<span class=\"il\">Germain<\/span>\u00a0Droogenbroodt and Emilio Coco<\/p>\n<p><img decoding=\"async\" loading=\"lazy\" class=\"aligncenter size-full wp-image-3411\" src=\"http:\/\/www.point-editions.com\/wp-content\/uploads\/2017\/12\/F-7-Los-poetas-Alfredo-Pe\u0301rez-Alencart-Germain-Droogenbroodt-y-Emilio-Coco-copia.jpg\" alt=\"\" width=\"283\" height=\"188\" srcset=\"https:\/\/www.point-editions.com\/wp-content\/uploads\/2017\/12\/F-7-Los-poetas-Alfredo-Pe\u0301rez-Alencart-Germain-Droogenbroodt-y-Emilio-Coco-copia.jpg 283w, https:\/\/www.point-editions.com\/wp-content\/uploads\/2017\/12\/F-7-Los-poetas-Alfredo-Pe\u0301rez-Alencart-Germain-Droogenbroodt-y-Emilio-Coco-copia-200x133.jpg 200w\" sizes=\"(max-width: 283px) 100vw, 283px\" \/><\/p>","protected":false},"excerpt":{"rendered":"<p>&nbsp; The 5th Mihai Eminescu International Poetry Festival in Craiova, Romania 17-20 September 2017 Ion Deaconescu presenting the Mihai Eninescu Poetry Prize to Dmitro Tchystiak, poet from Ukraina Germain\u00a0Droogenbroodt reading at the theatre in Craiova The Japanese poet Taeko Uemura reading at the Mihai Eminescu festival Germain\u00a0Droogenbroodt with the Kurdish poet Hussein Habash in Craiova [&hellip;]<\/p>\n","protected":false},"author":1,"featured_media":3418,"comment_status":"closed","ping_status":"closed","sticky":false,"template":"","format":"standard","meta":{"_wp_rev_ctl_limit":""},"categories":[2],"tags":[],"_links":{"self":[{"href":"https:\/\/www.point-editions.com\/en\/wp-json\/wp\/v2\/posts\/3410"}],"collection":[{"href":"https:\/\/www.point-editions.com\/en\/wp-json\/wp\/v2\/posts"}],"about":[{"href":"https:\/\/www.point-editions.com\/en\/wp-json\/wp\/v2\/types\/post"}],"author":[{"embeddable":true,"href":"https:\/\/www.point-editions.com\/en\/wp-json\/wp\/v2\/users\/1"}],"replies":[{"embeddable":true,"href":"https:\/\/www.point-editions.com\/en\/wp-json\/wp\/v2\/comments?post=3410"}],"version-history":[{"count":1,"href":"https:\/\/www.point-editions.com\/en\/wp-json\/wp\/v2\/posts\/3410\/revisions"}],"predecessor-version":[{"id":3419,"href":"https:\/\/www.point-editions.com\/en\/wp-json\/wp\/v2\/posts\/3410\/revisions\/3419"}],"wp:featuredmedia":[{"embeddable":true,"href":"https:\/\/www.point-editions.com\/en\/wp-json\/wp\/v2\/media\/3418"}],"wp:attachment":[{"href":"https:\/\/www.point-editions.com\/en\/wp-json\/wp\/v2\/media?parent=3410"}],"wp:term":[{"taxonomy":"category","embeddable":true,"href":"https:\/\/www.point-editions.com\/en\/wp-json\/wp\/v2\/categories?post=3410"},{"taxonomy":"post_tag","embeddable":true,"href":"https:\/\/www.point-editions.com\/en\/wp-json\/wp\/v2\/tags?post=3410"}],"curies":[{"name":"wp","href":"https:\/\/api.w.org\/{rel}","templated":true}]}}