{"id":4430,"date":"2020-08-21T15:00:15","date_gmt":"2020-08-21T13:00:15","guid":{"rendered":"https:\/\/www.point-editions.com\/?p=4430"},"modified":"2020-08-21T15:29:37","modified_gmt":"2020-08-21T13:29:37","slug":"4430-2","status":"publish","type":"post","link":"https:\/\/www.point-editions.com\/en\/4430-2\/","title":{"rendered":"640 | LIGHT ON THE WALLS OF LIFE | LIDIA CHIARELLI, Italy"},"content":{"rendered":"<p><img decoding=\"async\" loading=\"lazy\" class=\"alignnone size-medium wp-image-4431 aligncenter\" src=\"https:\/\/www.point-editions.com\/wp-content\/uploads\/2020\/07\/Foto-ITHACA-640-300x211.jpg\" alt=\"\" width=\"300\" height=\"211\" srcset=\"https:\/\/www.point-editions.com\/wp-content\/uploads\/2020\/07\/Foto-ITHACA-640-300x211.jpg 300w, https:\/\/www.point-editions.com\/wp-content\/uploads\/2020\/07\/Foto-ITHACA-640-200x141.jpg 200w, https:\/\/www.point-editions.com\/wp-content\/uploads\/2020\/07\/Foto-ITHACA-640.jpg 369w\" sizes=\"(max-width: 300px) 100vw, 300px\" \/><\/p>\n<p style=\"text-align: center;\"><span style=\"vertical-align: inherit;\"><span style=\"vertical-align: inherit;\">Volver a la primera luz, un homenaje a Lawrence Ferlinghetti por Lidia Chiarelli<\/span><\/span><\/p>\n<p style=\"text-align: center;\"><strong><span style=\"vertical-align: inherit;\"><span style=\"vertical-align: inherit;\">LUZ EN LAS PAREDES DE LA VIDA<\/span><\/span><\/strong><br \/>\n<span style=\"vertical-align: inherit;\"><span style=\"vertical-align: inherit;\"> A Lawrence Ferlinghetti por su 101 cumplea\u00f1os<\/span><\/span><\/p>\n<p><span style=\"vertical-align: inherit;\"><span style=\"vertical-align: inherit;\">Ens\u00e9\u00f1ame a pintar <\/span><\/span><br \/>\n<span style=\"vertical-align: inherit;\"><span style=\"vertical-align: inherit;\">la luz en las paredes de la vida.<\/span><\/span><\/p>\n<p style=\"text-align: center;\"><span style=\"vertical-align: inherit;\"><span style=\"vertical-align: inherit;\">Ens\u00e9\u00f1ame <\/span><\/span><br \/>\n<span style=\"vertical-align: inherit;\"><span style=\"vertical-align: inherit;\">a mirar el mundo <\/span><\/span><br \/>\n<span style=\"vertical-align: inherit;\"><span style=\"vertical-align: inherit;\">como lo ves <\/span><\/span><br \/>\n<span style=\"vertical-align: inherit;\"><span style=\"vertical-align: inherit;\">convertirse en una l\u00e1grima del sol, <\/span><\/span><br \/>\n<span style=\"vertical-align: inherit;\"><span style=\"vertical-align: inherit;\">una colina de poes\u00eda, <\/span><\/span><br \/>\n<span style=\"vertical-align: inherit;\"><span style=\"vertical-align: inherit;\">una palabra en un \u00e1rbol. <\/span><\/span><br \/>\n<span style=\"vertical-align: inherit;\"><span style=\"vertical-align: inherit;\">Ll\u00e9vame <\/span><\/span><br \/>\n<span style=\"vertical-align: inherit;\"><span style=\"vertical-align: inherit;\">a ver el sol <\/span><\/span><br \/>\n<span style=\"vertical-align: inherit;\"><span style=\"vertical-align: inherit;\">golpeando los acantilados escarpados <\/span><\/span><br \/>\n<span style=\"vertical-align: inherit;\"><span style=\"vertical-align: inherit;\">las mareas que inquietan y fluyen inquietamente <\/span><\/span><br \/>\n<span style=\"vertical-align: inherit;\"><span style=\"vertical-align: inherit;\">las aves acu\u00e1ticas desafiando el viento.<\/span><\/span><\/p>\n<p style=\"text-align: center;\"><span style=\"vertical-align: inherit;\"><span style=\"vertical-align: inherit;\">Escuchemos juntos <\/span><\/span><br \/>\n<span style=\"vertical-align: inherit;\"><span style=\"vertical-align: inherit;\">el aliento del susurro que deja <\/span><\/span><br \/>\n<span style=\"vertical-align: inherit;\"><span style=\"vertical-align: inherit;\">el silencio perfecto de una noche estrellada, <\/span><\/span><br \/>\n<span style=\"vertical-align: inherit;\"><span style=\"vertical-align: inherit;\">el sonido del verano en las gotas de lluvia.<\/span><\/span><\/p>\n<p style=\"text-align: center;\"><span style=\"vertical-align: inherit;\"><span style=\"vertical-align: inherit;\">Aqu\u00ed y ahora, <\/span><\/span><br \/>\n<span style=\"vertical-align: inherit;\"><span style=\"vertical-align: inherit;\">ay\u00fadame a llegar a las mismas orillas de la luz <\/span><\/span><br \/>\n<span style=\"vertical-align: inherit;\"><span style=\"vertical-align: inherit;\">esperando <\/span><\/span><br \/>\n<span style=\"vertical-align: inherit;\"><span style=\"vertical-align: inherit;\">el renacimiento de la maravilla <\/span><\/span><br \/>\n<span style=\"vertical-align: inherit;\"><span style=\"vertical-align: inherit;\">contigo <\/span><\/span><br \/>\n<span style=\"vertical-align: inherit;\"><span style=\"vertical-align: inherit;\">una y otra vez.<\/span><\/span><\/p>\n<p style=\"text-align: center;\"><strong><span style=\"vertical-align: inherit;\"><span style=\"vertical-align: inherit;\">LIDIA CHIARELLI<\/span><\/span><\/strong><span style=\"vertical-align: inherit;\"><span style=\"vertical-align: inherit;\"> , Italia<\/span><\/span><\/p>\n<p><\/p>","protected":false},"excerpt":{"rendered":"<p>Volver a la primera luz, un homenaje a Lawrence Ferlinghetti por Lidia Chiarelli LUZ EN LAS PAREDES DE LA VIDA A Lawrence Ferlinghetti por su 101 cumplea\u00f1os Ens\u00e9\u00f1ame a pintar la luz en las paredes de la vida. Ens\u00e9\u00f1ame a mirar el mundo como lo ves convertirse en una l\u00e1grima del sol, una colina de [&hellip;]<\/p>\n","protected":false},"author":1,"featured_media":4431,"comment_status":"closed","ping_status":"closed","sticky":false,"template":"","format":"standard","meta":{"_wp_rev_ctl_limit":""},"categories":[14],"tags":[],"_links":{"self":[{"href":"https:\/\/www.point-editions.com\/en\/wp-json\/wp\/v2\/posts\/4430"}],"collection":[{"href":"https:\/\/www.point-editions.com\/en\/wp-json\/wp\/v2\/posts"}],"about":[{"href":"https:\/\/www.point-editions.com\/en\/wp-json\/wp\/v2\/types\/post"}],"author":[{"embeddable":true,"href":"https:\/\/www.point-editions.com\/en\/wp-json\/wp\/v2\/users\/1"}],"replies":[{"embeddable":true,"href":"https:\/\/www.point-editions.com\/en\/wp-json\/wp\/v2\/comments?post=4430"}],"version-history":[{"count":8,"href":"https:\/\/www.point-editions.com\/en\/wp-json\/wp\/v2\/posts\/4430\/revisions"}],"predecessor-version":[{"id":4483,"href":"https:\/\/www.point-editions.com\/en\/wp-json\/wp\/v2\/posts\/4430\/revisions\/4483"}],"wp:featuredmedia":[{"embeddable":true,"href":"https:\/\/www.point-editions.com\/en\/wp-json\/wp\/v2\/media\/4431"}],"wp:attachment":[{"href":"https:\/\/www.point-editions.com\/en\/wp-json\/wp\/v2\/media?parent=4430"}],"wp:term":[{"taxonomy":"category","embeddable":true,"href":"https:\/\/www.point-editions.com\/en\/wp-json\/wp\/v2\/categories?post=4430"},{"taxonomy":"post_tag","embeddable":true,"href":"https:\/\/www.point-editions.com\/en\/wp-json\/wp\/v2\/tags?post=4430"}],"curies":[{"name":"wp","href":"https:\/\/api.w.org\/{rel}","templated":true}]}}