{"id":2624,"date":"2016-06-25T16:01:00","date_gmt":"2016-06-25T14:01:00","guid":{"rendered":"http:\/\/www.point-editions.com\/?p=2624"},"modified":"2016-06-25T16:41:06","modified_gmt":"2016-06-25T14:41:06","slug":"reconocimiento-germain-droogenbroodt","status":"publish","type":"post","link":"https:\/\/www.point-editions.com\/es\/reconocimiento-germain-droogenbroodt\/","title":{"rendered":"Reconocimiento, Germain Droogenbroodt"},"content":{"rendered":"<p><\/p>\n<p style=\"text-align: center;\"><span style=\"color: #800000; font-size: 18pt;\"><strong>Reconocimiento<\/strong><\/span><\/p>\n<p style=\"text-align: center;\"><span style=\"color: #800000; font-size: 14pt;\">No todo r\u00edo<br \/>\nlleva sus aguas<br \/>\na la inmensidad del mar<\/span><\/p>\n<p style=\"text-align: center;\"><span style=\"color: #800000; font-size: 14pt;\">ni alcanza todo camino<br \/>\nsu meta<\/span><\/p>\n<p style=\"text-align: center;\"><span style=\"color: #800000; font-size: 14pt;\">paso a paso<br \/>\nva deshaci\u00e9ndose<br \/>\nel alba de la noche y<br \/>\nofrece a veces<br \/>\n<\/span><span style=\"color: #800000; font-size: 14pt;\">reconocimiento <\/span><\/p>\n<p style=\"text-align: center;\"><span style=\"color: #800000; font-size: 14pt;\">&#8211; m\u00e1s<br \/>\n<\/span><span style=\"color: #800000; font-size: 14pt;\">que simplemente luz.<\/span><\/p>\n<p style=\"text-align: center;\"><span style=\"color: #800000; font-size: 14pt;\"><span style=\"font-size: 18pt;\">Germain Droogenbroodt <\/span><\/span><\/p>\n<p style=\"text-align: center;\"><span style=\"color: #800000; font-size: 12pt;\"><em>La Cava, Lago di Como 15.6.2016<\/em><\/span><\/p>\n<p style=\"text-align: center;\"><span style=\"color: #800000;\">Foto: Germain Droogenbroodt<\/span><\/p>\n<p><\/p>","protected":false},"excerpt":{"rendered":"<p>Reconocimiento No todo r\u00edo lleva sus aguas a la inmensidad del mar ni alcanza todo camino su meta paso a paso va deshaci\u00e9ndose el alba de la noche y ofrece a veces reconocimiento &#8211; m\u00e1s que simplemente luz. Germain Droogenbroodt La Cava, Lago di Como 15.6.2016 Foto: Germain Droogenbroodt<\/p>\n","protected":false},"author":1,"featured_media":2618,"comment_status":"open","ping_status":"open","sticky":false,"template":"","format":"standard","meta":{"_wp_rev_ctl_limit":""},"categories":[14],"tags":[],"_links":{"self":[{"href":"https:\/\/www.point-editions.com\/es\/wp-json\/wp\/v2\/posts\/2624"}],"collection":[{"href":"https:\/\/www.point-editions.com\/es\/wp-json\/wp\/v2\/posts"}],"about":[{"href":"https:\/\/www.point-editions.com\/es\/wp-json\/wp\/v2\/types\/post"}],"author":[{"embeddable":true,"href":"https:\/\/www.point-editions.com\/es\/wp-json\/wp\/v2\/users\/1"}],"replies":[{"embeddable":true,"href":"https:\/\/www.point-editions.com\/es\/wp-json\/wp\/v2\/comments?post=2624"}],"version-history":[{"count":0,"href":"https:\/\/www.point-editions.com\/es\/wp-json\/wp\/v2\/posts\/2624\/revisions"}],"wp:featuredmedia":[{"embeddable":true,"href":"https:\/\/www.point-editions.com\/es\/wp-json\/wp\/v2\/media\/2618"}],"wp:attachment":[{"href":"https:\/\/www.point-editions.com\/es\/wp-json\/wp\/v2\/media?parent=2624"}],"wp:term":[{"taxonomy":"category","embeddable":true,"href":"https:\/\/www.point-editions.com\/es\/wp-json\/wp\/v2\/categories?post=2624"},{"taxonomy":"post_tag","embeddable":true,"href":"https:\/\/www.point-editions.com\/es\/wp-json\/wp\/v2\/tags?post=2624"}],"curies":[{"name":"wp","href":"https:\/\/api.w.org\/{rel}","templated":true}]}}