{"id":2783,"date":"2016-09-27T16:19:54","date_gmt":"2016-09-27T14:19:54","guid":{"rendered":"http:\/\/www.point-editions.com\/?p=2783"},"modified":"2016-09-27T16:25:04","modified_gmt":"2016-09-27T14:25:04","slug":"window","status":"publish","type":"post","link":"https:\/\/www.point-editions.com\/es\/window\/","title":{"rendered":"Ventana"},"content":{"rendered":"<p><em>\u00a0 \u00a0 \u00a0 \u00a0\u00a0<\/em><\/p>\n<p style=\"text-align: center;\"><span style=\"color: #808080; font-size: 14pt;\"><span style=\"font-size: 18pt;\">Ventana III<\/span> <\/span><br \/>\n<span style=\"color: #808080; font-size: 14pt;\"> <em>\u00a0\u00a0\u00a0\u00a0\u00a0\u00a0\u00a0\u00a0\u00a0\u00a0\u00a0\u00a0\u00a0\u00a0\u00a0\u00a0\u00a0\u00a0\u00a0\u00a0\u00a0\u00a0\u00a0\u00a0\u00a0\u00a0\u00a0\u00a0\u00a0\u00a0\u00a0\u00a0\u00a0\u00a0\u00a0\u00a0\u00a0\u00a0\u00a0\u00a0\u00a0\u00a0\u00a0\u00a0\u00a0\u00a0\u00a0\u00a0\u00a0\u00a0\u00a0\u00a0\u00a0\u00a0\u00a0\u00a0\u00a0\u00a0\u00a0\u00a0\u00a0\u00a0\u00a0\u00a0\u00a0\u00a0 <\/em><em>Chile<\/em><\/span><\/p>\n<p style=\"text-align: center;\"><span style=\"color: #808080; font-size: 14pt;\">T\u00fa, peque\u00f1o trovador<\/span><br \/>\n<span style=\"color: #808080; font-size: 14pt;\">que abres las ma\u00f1anas<\/span><br \/>\n<span style=\"color: #808080; font-size: 14pt;\">dime: \u00bfsi el cerezo muere<\/span><br \/>\n<span style=\"color: #808080; font-size: 14pt;\">volver\u00e1s a cantar alegre<\/span><br \/>\n<span style=\"color: #808080; font-size: 14pt;\">y al alba en mi ventana?<\/span><\/p>\n<p style=\"text-align: center;\"><span style=\"color: #808080; font-size: 14pt;\">T\u00fa, emplumado pajarillo<\/span><br \/>\n<span style=\"color: #808080; font-size: 14pt;\">no me ves, pero te escucho\u2026<\/span><\/p>\n<p style=\"text-align: center;\"><span style=\"color: #808080; font-size: 14pt;\">\u00bfQui\u00e9n te ense\u00f1\u00f3 las notas<\/span><br \/>\n<span style=\"color: #808080; font-size: 14pt;\">y los arpegios de tu canto?<\/span><br \/>\n<span style=\"color: #808080; font-size: 14pt;\">\u00bfPara qui\u00e9n tu nocturno trino?<\/span><\/p>\n<p style=\"text-align: center;\"><span style=\"color: #808080; font-size: 14pt;\">\u00bfSer\u00e1 tu oraci\u00f3n<\/span><br \/>\n<span style=\"color: #808080; font-size: 14pt;\">para despedir el d\u00eda,<\/span><br \/>\n<span style=\"color: #808080; font-size: 14pt;\">\u00a0o muy\u00a0 solo estar\u00e1s?<\/span><\/p>\n<p style=\"text-align: center;\"><span style=\"color: #808080; font-size: 14pt;\">Ven, quiero ser tu nido,<\/span><br \/>\n<span style=\"color: #808080; font-size: 14pt;\">sin temor baja de la rama,<\/span><br \/>\n<span style=\"color: #808080; font-size: 14pt;\">acompa\u00f1a mi soledad<\/span><br \/>\n<span style=\"color: #808080; font-size: 14pt;\">junto al fuego moribundo<\/span><br \/>\n<span style=\"color: #808080; font-size: 14pt;\">en el invierno de esta noche.<\/span><\/p>\n<p style=\"text-align: center;\"><span style=\"color: #808080; font-size: 14pt;\"><span style=\"font-size: 18pt;\">IN\u00c9S BLANCO<\/span>, Colombia<\/span><\/p>\n<p style=\"text-align: center;\"><span style=\"color: #808080; font-size: 14pt;\"><em>(LUNA DE ABRIL)<\/em><\/span><\/p>\n<p style=\"text-align: center;\"><em><span style=\"color: #808080; font-size: 12pt;\">Pintura Antoine Bourdelle, 1861 \u2013 1929<\/span><\/em><\/p>\n<p><\/p>","protected":false},"excerpt":{"rendered":"<p>\u00a0 \u00a0 \u00a0 \u00a0\u00a0 Ventana III \u00a0\u00a0\u00a0\u00a0\u00a0\u00a0\u00a0\u00a0\u00a0\u00a0\u00a0\u00a0\u00a0\u00a0\u00a0\u00a0\u00a0\u00a0\u00a0\u00a0\u00a0\u00a0\u00a0\u00a0\u00a0\u00a0\u00a0\u00a0\u00a0\u00a0\u00a0\u00a0\u00a0\u00a0\u00a0\u00a0\u00a0\u00a0\u00a0\u00a0\u00a0\u00a0\u00a0\u00a0\u00a0\u00a0\u00a0\u00a0\u00a0\u00a0\u00a0\u00a0\u00a0\u00a0\u00a0\u00a0\u00a0\u00a0\u00a0\u00a0\u00a0\u00a0\u00a0\u00a0\u00a0\u00a0 Chile T\u00fa, peque\u00f1o trovador que abres las ma\u00f1anas dime: \u00bfsi el cerezo muere volver\u00e1s a cantar alegre y al alba en mi ventana? T\u00fa, emplumado pajarillo no me ves, pero te escucho\u2026 \u00bfQui\u00e9n te ense\u00f1\u00f3 las notas y los arpegios de tu canto? \u00bfPara qui\u00e9n tu nocturno trino? [&hellip;]<\/p>\n","protected":false},"author":1,"featured_media":2782,"comment_status":"open","ping_status":"open","sticky":false,"template":"","format":"standard","meta":{"_wp_rev_ctl_limit":""},"categories":[14],"tags":[],"_links":{"self":[{"href":"https:\/\/www.point-editions.com\/es\/wp-json\/wp\/v2\/posts\/2783"}],"collection":[{"href":"https:\/\/www.point-editions.com\/es\/wp-json\/wp\/v2\/posts"}],"about":[{"href":"https:\/\/www.point-editions.com\/es\/wp-json\/wp\/v2\/types\/post"}],"author":[{"embeddable":true,"href":"https:\/\/www.point-editions.com\/es\/wp-json\/wp\/v2\/users\/1"}],"replies":[{"embeddable":true,"href":"https:\/\/www.point-editions.com\/es\/wp-json\/wp\/v2\/comments?post=2783"}],"version-history":[{"count":0,"href":"https:\/\/www.point-editions.com\/es\/wp-json\/wp\/v2\/posts\/2783\/revisions"}],"wp:featuredmedia":[{"embeddable":true,"href":"https:\/\/www.point-editions.com\/es\/wp-json\/wp\/v2\/media\/2782"}],"wp:attachment":[{"href":"https:\/\/www.point-editions.com\/es\/wp-json\/wp\/v2\/media?parent=2783"}],"wp:term":[{"taxonomy":"category","embeddable":true,"href":"https:\/\/www.point-editions.com\/es\/wp-json\/wp\/v2\/categories?post=2783"},{"taxonomy":"post_tag","embeddable":true,"href":"https:\/\/www.point-editions.com\/es\/wp-json\/wp\/v2\/tags?post=2783"}],"curies":[{"name":"wp","href":"https:\/\/api.w.org\/{rel}","templated":true}]}}