{"id":2983,"date":"2016-11-25T16:43:00","date_gmt":"2016-11-25T14:43:00","guid":{"rendered":"http:\/\/www.point-editions.com\/?p=2983"},"modified":"2016-11-25T16:43:00","modified_gmt":"2016-11-25T14:43:00","slug":"10th-february","status":"publish","type":"post","link":"https:\/\/www.point-editions.com\/es\/10th-february\/","title":{"rendered":"10 de febrero"},"content":{"rendered":"<p><\/p>\n<p style=\"text-align: center;\"><img decoding=\"async\" loading=\"lazy\" class=\"aligncenter size-medium wp-image-2984\" src=\"http:\/\/www.point-editions.com\/wp-content\/uploads\/2016\/11\/ssss-e1480084631990-300x140.png\" alt=\"ssss\" width=\"300\" height=\"140\" srcset=\"https:\/\/www.point-editions.com\/wp-content\/uploads\/2016\/11\/ssss-e1480084631990-300x140.png 300w, https:\/\/www.point-editions.com\/wp-content\/uploads\/2016\/11\/ssss-e1480084631990-200x93.png 200w, https:\/\/www.point-editions.com\/wp-content\/uploads\/2016\/11\/ssss-e1480084631990.png 491w\" sizes=\"(max-width: 300px) 100vw, 300px\" \/><\/p>\n<p style=\"text-align: center;\">El bosque,<\/p>\n<p style=\"text-align: center;\">una liebre salvaje,<\/p>\n<p style=\"text-align: center;\">un ciervo levanta la cabeza,<\/p>\n<p style=\"text-align: center;\">otro medita en la sombra,<\/p>\n<p style=\"text-align: center;\">las bellotas se vuelven marrones,<\/p>\n<p style=\"text-align: center;\">y entre los dedos,<\/p>\n<p style=\"text-align: center;\">se desliza el tiempo oscuro.<\/p>\n<p style=\"text-align: center;\">*<\/p>\n<p style=\"text-align: center;\">Un pensamiento<\/p>\n<p style=\"text-align: center;\">Entre sus ojos y sus l\u00e1grimas<\/p>\n<p style=\"text-align: center;\">est\u00e1 siempre aquella maleta,<\/p>\n<p style=\"text-align: center;\">y las distancias de tantos viajes<\/p>\n<p style=\"text-align: center;\">hacia la comprensi\u00f3n,<\/p>\n<p style=\"text-align: center;\">hacia el fulgor de la poes\u00eda<\/p>\n<p style=\"text-align: center;\">en un pa\u00eds extranjero.<\/p>\n<p style=\"text-align: center;\">FUAD RIFKA (Siria 1930 &#8211; 2011)<\/p>\n<p style=\"text-align: center;\">Traducci\u00f3n Germain Droogenbroodt \u2013 Rafael Carcel\u00e9n<\/p>\n<p><\/p>","protected":false},"excerpt":{"rendered":"<p>El bosque, una liebre salvaje, un ciervo levanta la cabeza, otro medita en la sombra, las bellotas se vuelven marrones, y entre los dedos, se desliza el tiempo oscuro. * Un pensamiento Entre sus ojos y sus l\u00e1grimas est\u00e1 siempre aquella maleta, y las distancias de tantos viajes hacia la comprensi\u00f3n, hacia el fulgor de [&hellip;]<\/p>\n","protected":false},"author":1,"featured_media":2984,"comment_status":"open","ping_status":"open","sticky":false,"template":"","format":"standard","meta":{"_wp_rev_ctl_limit":""},"categories":[14],"tags":[],"_links":{"self":[{"href":"https:\/\/www.point-editions.com\/es\/wp-json\/wp\/v2\/posts\/2983"}],"collection":[{"href":"https:\/\/www.point-editions.com\/es\/wp-json\/wp\/v2\/posts"}],"about":[{"href":"https:\/\/www.point-editions.com\/es\/wp-json\/wp\/v2\/types\/post"}],"author":[{"embeddable":true,"href":"https:\/\/www.point-editions.com\/es\/wp-json\/wp\/v2\/users\/1"}],"replies":[{"embeddable":true,"href":"https:\/\/www.point-editions.com\/es\/wp-json\/wp\/v2\/comments?post=2983"}],"version-history":[{"count":0,"href":"https:\/\/www.point-editions.com\/es\/wp-json\/wp\/v2\/posts\/2983\/revisions"}],"wp:featuredmedia":[{"embeddable":true,"href":"https:\/\/www.point-editions.com\/es\/wp-json\/wp\/v2\/media\/2984"}],"wp:attachment":[{"href":"https:\/\/www.point-editions.com\/es\/wp-json\/wp\/v2\/media?parent=2983"}],"wp:term":[{"taxonomy":"category","embeddable":true,"href":"https:\/\/www.point-editions.com\/es\/wp-json\/wp\/v2\/categories?post=2983"},{"taxonomy":"post_tag","embeddable":true,"href":"https:\/\/www.point-editions.com\/es\/wp-json\/wp\/v2\/tags?post=2983"}],"curies":[{"name":"wp","href":"https:\/\/api.w.org\/{rel}","templated":true}]}}