{"id":3063,"date":"2017-02-11T10:42:44","date_gmt":"2017-02-11T08:42:44","guid":{"rendered":"http:\/\/www.point-editions.com\/?p=3063"},"modified":"2017-02-11T10:42:44","modified_gmt":"2017-02-11T08:42:44","slug":"tender-characters","status":"publish","type":"post","link":"https:\/\/www.point-editions.com\/es\/tender-characters\/","title":{"rendered":"SE\u00d1ALES DE TERNURA"},"content":{"rendered":"<p><\/p>\n<p style=\"text-align: center;\"><img decoding=\"async\" loading=\"lazy\" class=\"aligncenter size-medium wp-image-3064\" src=\"http:\/\/www.point-editions.com\/wp-content\/uploads\/2017\/02\/ITHACA-470-SEN\u0303ALES-DE-TERNURA-Germain-Droogenbroodt-181x300.png\" alt=\"\" width=\"181\" height=\"300\" srcset=\"https:\/\/www.point-editions.com\/wp-content\/uploads\/2017\/02\/ITHACA-470-SEN\u0303ALES-DE-TERNURA-Germain-Droogenbroodt-181x300.png 181w, https:\/\/www.point-editions.com\/wp-content\/uploads\/2017\/02\/ITHACA-470-SEN\u0303ALES-DE-TERNURA-Germain-Droogenbroodt-300x498.png 300w, https:\/\/www.point-editions.com\/wp-content\/uploads\/2017\/02\/ITHACA-470-SEN\u0303ALES-DE-TERNURA-Germain-Droogenbroodt-600x996.png 600w, https:\/\/www.point-editions.com\/wp-content\/uploads\/2017\/02\/ITHACA-470-SEN\u0303ALES-DE-TERNURA-Germain-Droogenbroodt-200x332.png 200w, https:\/\/www.point-editions.com\/wp-content\/uploads\/2017\/02\/ITHACA-470-SEN\u0303ALES-DE-TERNURA-Germain-Droogenbroodt-768x1275.png 768w, https:\/\/www.point-editions.com\/wp-content\/uploads\/2017\/02\/ITHACA-470-SEN\u0303ALES-DE-TERNURA-Germain-Droogenbroodt-617x1024.png 617w, https:\/\/www.point-editions.com\/wp-content\/uploads\/2017\/02\/ITHACA-470-SEN\u0303ALES-DE-TERNURA-Germain-Droogenbroodt.png 790w\" sizes=\"(max-width: 181px) 100vw, 181px\" \/><\/p>\n<p style=\"text-align: center;\"><strong>SE\u00d1ALES DE TERNURA<\/strong><\/p>\n<p style=\"text-align: center;\"><span style=\"font-size: 10pt;\"><em>Un poema para el d\u00eda de San Valent\u00edn<\/em><\/span><\/p>\n<p style=\"text-align: center;\">Completa<\/p>\n<p style=\"text-align: center;\">la invisible p\u00e1gina<\/p>\n<p style=\"text-align: center;\">del recuerdo<\/p>\n<p style=\"text-align: center;\">escritura secreta<\/p>\n<p style=\"text-align: center;\">que nadie, sino ella<\/p>\n<p style=\"text-align: center;\">sabe descifrar<\/p>\n<p style=\"text-align: center;\">escrita<\/p>\n<p style=\"text-align: center;\">una y otra vez<\/p>\n<p style=\"text-align: center;\">en la blanda arcilla<\/p>\n<p style=\"text-align: center;\">del coraz\u00f3n.<\/p>\n<p style=\"text-align: center;\">GERMAIN DROOGENBROODT<\/p>\n<p><\/p>","protected":false},"excerpt":{"rendered":"<p>SE\u00d1ALES DE TERNURA Un poema para el d\u00eda de San Valent\u00edn Completa la invisible p\u00e1gina del recuerdo escritura secreta que nadie, sino ella sabe descifrar escrita una y otra vez en la blanda arcilla del coraz\u00f3n. GERMAIN DROOGENBROODT<\/p>\n","protected":false},"author":1,"featured_media":3064,"comment_status":"open","ping_status":"open","sticky":false,"template":"","format":"standard","meta":{"_wp_rev_ctl_limit":""},"categories":[14],"tags":[],"_links":{"self":[{"href":"https:\/\/www.point-editions.com\/es\/wp-json\/wp\/v2\/posts\/3063"}],"collection":[{"href":"https:\/\/www.point-editions.com\/es\/wp-json\/wp\/v2\/posts"}],"about":[{"href":"https:\/\/www.point-editions.com\/es\/wp-json\/wp\/v2\/types\/post"}],"author":[{"embeddable":true,"href":"https:\/\/www.point-editions.com\/es\/wp-json\/wp\/v2\/users\/1"}],"replies":[{"embeddable":true,"href":"https:\/\/www.point-editions.com\/es\/wp-json\/wp\/v2\/comments?post=3063"}],"version-history":[{"count":0,"href":"https:\/\/www.point-editions.com\/es\/wp-json\/wp\/v2\/posts\/3063\/revisions"}],"wp:featuredmedia":[{"embeddable":true,"href":"https:\/\/www.point-editions.com\/es\/wp-json\/wp\/v2\/media\/3064"}],"wp:attachment":[{"href":"https:\/\/www.point-editions.com\/es\/wp-json\/wp\/v2\/media?parent=3063"}],"wp:term":[{"taxonomy":"category","embeddable":true,"href":"https:\/\/www.point-editions.com\/es\/wp-json\/wp\/v2\/categories?post=3063"},{"taxonomy":"post_tag","embeddable":true,"href":"https:\/\/www.point-editions.com\/es\/wp-json\/wp\/v2\/tags?post=3063"}],"curies":[{"name":"wp","href":"https:\/\/api.w.org\/{rel}","templated":true}]}}