{"id":3185,"date":"2017-06-17T10:44:01","date_gmt":"2017-06-17T08:44:01","guid":{"rendered":"http:\/\/www.point-editions.com\/?p=3185"},"modified":"2017-06-17T10:48:23","modified_gmt":"2017-06-17T08:48:23","slug":"homewards","status":"publish","type":"post","link":"https:\/\/www.point-editions.com\/es\/homewards\/","title":{"rendered":"VOLVER A CASA"},"content":{"rendered":"<p><\/p>\n<p style=\"text-align: center;\">Queridos amigos, estimados lectores:<\/p>\n<p style=\"text-align: center;\">Acabo de regresar de Italia donde me he refugiado durante dos semanas en mi querido Lago di Como<\/p>\n<p style=\"text-align: center;\">para escribir nuevos poemas y para presentar -entre otros en la prestigiosa Casa della Poesia di Milano-<br \/>\nla publicaci\u00f3n en italiano de mi \u00faltimo poemario \u201cLa ef\u00edmera flor del tiempo\u201d.<\/p>\n<p style=\"text-align: center;\"><img decoding=\"async\" loading=\"lazy\" class=\"aligncenter wp-image-3186 \" src=\"http:\/\/www.point-editions.com\/wp-content\/uploads\/2017\/06\/Imagen-1-1.png\" alt=\"\" width=\"556\" height=\"326\" \/><\/p>\n<p style=\"text-align: center;\">Amanecer en Ithaca. Foto Germain Droogenbroodt<\/p>\n<p style=\"text-align: center;\"><strong>VOLVER A CASA<\/strong><\/p>\n<p style=\"text-align: center;\">A Liliane<\/p>\n<p style=\"text-align: center;\">C\u00f3mo volver<\/p>\n<p style=\"text-align: center;\">a un lugar<\/p>\n<p style=\"text-align: center;\">o a un tiempo<\/p>\n<p style=\"text-align: center;\">que uno consciente<\/p>\n<p style=\"text-align: center;\">o inconscientemente dej\u00f3 atr\u00e1s<\/p>\n<p>&nbsp;<\/p>\n<p style=\"text-align: center;\">cuando de pronto uno siente<\/p>\n<p style=\"text-align: center;\">qu\u00e9 vac\u00edas est\u00e1n las manos<\/p>\n<p style=\"text-align: center;\">y cu\u00e1nto anhela<\/p>\n<p style=\"text-align: center;\">el coraz\u00f3n<\/p>\n<p style=\"text-align: center;\"><strong>GERMAIN DROOGENBROODT<\/strong><\/p>\n<p style=\"text-align: center;\">Pognana, Lago di Como, 29.5.2016<\/p>\n<p style=\"text-align: center;\">Traducci\u00f3n de Rafael Carcel\u00e9n con el autor<\/p>\n<p>&nbsp;<\/p>","protected":false},"excerpt":{"rendered":"<p>Queridos amigos, estimados lectores: Acabo de regresar de Italia donde me he refugiado durante dos semanas en mi querido Lago di Como para escribir nuevos poemas y para presentar -entre otros en la prestigiosa Casa della Poesia di Milano- la publicaci\u00f3n en italiano de mi \u00faltimo poemario \u201cLa ef\u00edmera flor del tiempo\u201d. Amanecer en Ithaca. [&hellip;]<\/p>\n","protected":false},"author":1,"featured_media":3186,"comment_status":"open","ping_status":"open","sticky":false,"template":"","format":"standard","meta":{"_wp_rev_ctl_limit":""},"categories":[14],"tags":[],"_links":{"self":[{"href":"https:\/\/www.point-editions.com\/es\/wp-json\/wp\/v2\/posts\/3185"}],"collection":[{"href":"https:\/\/www.point-editions.com\/es\/wp-json\/wp\/v2\/posts"}],"about":[{"href":"https:\/\/www.point-editions.com\/es\/wp-json\/wp\/v2\/types\/post"}],"author":[{"embeddable":true,"href":"https:\/\/www.point-editions.com\/es\/wp-json\/wp\/v2\/users\/1"}],"replies":[{"embeddable":true,"href":"https:\/\/www.point-editions.com\/es\/wp-json\/wp\/v2\/comments?post=3185"}],"version-history":[{"count":3,"href":"https:\/\/www.point-editions.com\/es\/wp-json\/wp\/v2\/posts\/3185\/revisions"}],"predecessor-version":[{"id":3189,"href":"https:\/\/www.point-editions.com\/es\/wp-json\/wp\/v2\/posts\/3185\/revisions\/3189"}],"wp:featuredmedia":[{"embeddable":true,"href":"https:\/\/www.point-editions.com\/es\/wp-json\/wp\/v2\/media\/3186"}],"wp:attachment":[{"href":"https:\/\/www.point-editions.com\/es\/wp-json\/wp\/v2\/media?parent=3185"}],"wp:term":[{"taxonomy":"category","embeddable":true,"href":"https:\/\/www.point-editions.com\/es\/wp-json\/wp\/v2\/categories?post=3185"},{"taxonomy":"post_tag","embeddable":true,"href":"https:\/\/www.point-editions.com\/es\/wp-json\/wp\/v2\/tags?post=3185"}],"curies":[{"name":"wp","href":"https:\/\/api.w.org\/{rel}","templated":true}]}}