{"id":4358,"date":"2020-04-09T08:04:37","date_gmt":"2020-04-09T06:04:37","guid":{"rendered":"https:\/\/www.point-editions.com\/?p=4358"},"modified":"2020-04-20T17:34:43","modified_gmt":"2020-04-20T15:34:43","slug":"untimely-leaving","status":"publish","type":"post","link":"https:\/\/www.point-editions.com\/es\/untimely-leaving\/","title":{"rendered":"PARTIDA A DESTIEMPO"},"content":{"rendered":"<p>&nbsp;<\/p>\n<p><img decoding=\"async\" loading=\"lazy\" class=\"aligncenter size-full wp-image-4359\" src=\"https:\/\/www.point-editions.com\/wp-content\/uploads\/2020\/04\/ITHACA-626-Salida-a-destiempo-Germain-Droogenbroodt.jpg\" alt=\"\" width=\"217\" height=\"500\" srcset=\"https:\/\/www.point-editions.com\/wp-content\/uploads\/2020\/04\/ITHACA-626-Salida-a-destiempo-Germain-Droogenbroodt.jpg 217w, https:\/\/www.point-editions.com\/wp-content\/uploads\/2020\/04\/ITHACA-626-Salida-a-destiempo-Germain-Droogenbroodt-174x400.jpg 174w, https:\/\/www.point-editions.com\/wp-content\/uploads\/2020\/04\/ITHACA-626-Salida-a-destiempo-Germain-Droogenbroodt-130x300.jpg 130w\" sizes=\"(max-width: 217px) 100vw, 217px\" \/><\/p>\n<p style=\"text-align: center;\">Giacomo Manz\u00f9<\/p>\n<p style=\"text-align: center;\"><strong>PARTIDA A DESTIEMPO<\/strong><\/p>\n<p style=\"text-align: center;\">Cuando un sol<br \/>\nque no conoce m\u00e1s el amanecer<br \/>\nse desvanece<br \/>\nen su propia luz<br \/>\ny la noche<br \/>\napaga sus estrellas<br \/>\nse rompe el tallo<br \/>\ny desgarra la hoja.<\/p>\n<p>&nbsp;<\/p>\n<p style=\"text-align: center;\"><strong>AURORA PRESTADA<\/strong><\/p>\n<p style=\"text-align: center;\">\nCon su mano de sombra y tiniebla<\/p>\n<p style=\"text-align: center;\">deshil\u00f3 la tarde<br \/>\nla luz indefensa<br \/>\ndeshil\u00f3 el futuro<br \/>\nla magia<br \/>\nla aurora prestada<br \/>\narranc\u00f3 la mecha<br \/>\nderram\u00f3 el aceiteapag\u00f3 el tiempo.<\/p>\n<p style=\"text-align: center;\"><strong>GERMAIN DROOGENBROODT<\/strong><\/p>\n<p style=\"text-align: center;\">Traducci\u00f3n de Rafael Carcelen en colaboraci\u00f3n con el autor<\/p>\n<p style=\"text-align: center;\">de: \u201cConversaci\u00f3n con el m\u00e1s all\u00e1\u201d<\/p>\n<p><\/p>","protected":false},"excerpt":{"rendered":"<p>&nbsp; Giacomo Manz\u00f9 PARTIDA A DESTIEMPO Cuando un sol que no conoce m\u00e1s el amanecer se desvanece en su propia luz y la noche apaga sus estrellas se rompe el tallo y desgarra la hoja. &nbsp; AURORA PRESTADA Con su mano de sombra y tiniebla deshil\u00f3 la tarde la luz indefensa deshil\u00f3 el futuro la [&hellip;]<\/p>\n","protected":false},"author":1,"featured_media":4363,"comment_status":"closed","ping_status":"closed","sticky":false,"template":"","format":"standard","meta":{"_wp_rev_ctl_limit":""},"categories":[14],"tags":[],"_links":{"self":[{"href":"https:\/\/www.point-editions.com\/es\/wp-json\/wp\/v2\/posts\/4358"}],"collection":[{"href":"https:\/\/www.point-editions.com\/es\/wp-json\/wp\/v2\/posts"}],"about":[{"href":"https:\/\/www.point-editions.com\/es\/wp-json\/wp\/v2\/types\/post"}],"author":[{"embeddable":true,"href":"https:\/\/www.point-editions.com\/es\/wp-json\/wp\/v2\/users\/1"}],"replies":[{"embeddable":true,"href":"https:\/\/www.point-editions.com\/es\/wp-json\/wp\/v2\/comments?post=4358"}],"version-history":[{"count":2,"href":"https:\/\/www.point-editions.com\/es\/wp-json\/wp\/v2\/posts\/4358\/revisions"}],"predecessor-version":[{"id":4361,"href":"https:\/\/www.point-editions.com\/es\/wp-json\/wp\/v2\/posts\/4358\/revisions\/4361"}],"wp:featuredmedia":[{"embeddable":true,"href":"https:\/\/www.point-editions.com\/es\/wp-json\/wp\/v2\/media\/4363"}],"wp:attachment":[{"href":"https:\/\/www.point-editions.com\/es\/wp-json\/wp\/v2\/media?parent=4358"}],"wp:term":[{"taxonomy":"category","embeddable":true,"href":"https:\/\/www.point-editions.com\/es\/wp-json\/wp\/v2\/categories?post=4358"},{"taxonomy":"post_tag","embeddable":true,"href":"https:\/\/www.point-editions.com\/es\/wp-json\/wp\/v2\/tags?post=4358"}],"curies":[{"name":"wp","href":"https:\/\/api.w.org\/{rel}","templated":true}]}}