{"id":4392,"date":"2020-06-04T17:31:48","date_gmt":"2020-06-04T15:31:48","guid":{"rendered":"https:\/\/www.point-editions.com\/?p=4392"},"modified":"2020-09-16T19:19:07","modified_gmt":"2020-09-16T17:19:07","slug":"the-black-heralds","status":"publish","type":"post","link":"https:\/\/www.point-editions.com\/es\/the-black-heralds\/","title":{"rendered":"634 | LOS HERALDOS NEGROS | CESAR VALLEJO, Per\u00fa"},"content":{"rendered":"<p><\/p>\n<p style=\"text-align: center;\"><img decoding=\"async\" loading=\"lazy\" class=\"size-medium wp-image-4393 aligncenter\" src=\"https:\/\/www.point-editions.com\/wp-content\/uploads\/2020\/06\/Foto-ITHACA634-Los-Heraldos-Negros-1959-Cesar-Vallejo-LIBROSVIRTUAL-238x300.jpg\" alt=\"\" width=\"238\" height=\"300\" srcset=\"https:\/\/www.point-editions.com\/wp-content\/uploads\/2020\/06\/Foto-ITHACA634-Los-Heraldos-Negros-1959-Cesar-Vallejo-LIBROSVIRTUAL-238x300.jpg 238w, https:\/\/www.point-editions.com\/wp-content\/uploads\/2020\/06\/Foto-ITHACA634-Los-Heraldos-Negros-1959-Cesar-Vallejo-LIBROSVIRTUAL-200x252.jpg 200w, https:\/\/www.point-editions.com\/wp-content\/uploads\/2020\/06\/Foto-ITHACA634-Los-Heraldos-Negros-1959-Cesar-Vallejo-LIBROSVIRTUAL.jpg 450w\" sizes=\"(max-width: 238px) 100vw, 238px\" \/><\/p>\n<p>&nbsp;<\/p>\n<p style=\"text-align: center;\">Una protesta por el asesinato de George Floyd<\/p>\n<p style=\"text-align: center;\">Hay golpes en la vida, tan fuertes&#8230; \u00a1Yo no s\u00e9! Golpes como del odio<br \/>\nde Dios; como si ante ellos, la resaca de todo lo sufrido se<br \/>\nempozara en el alma&#8230; \u00a1Yo no s\u00e9!<\/p>\n<p style=\"text-align: center;\">Son pocos; pero son&#8230; Abren zanjas oscuras en el rostro m\u00e1s fiero y<br \/>\nen el lomo m\u00e1s fuerte. Ser\u00e1n tal vez los potros de b\u00e1rbaros atilas; o<br \/>\nlos heraldos negros que nos manda la Muerte.<\/p>\n<p style=\"text-align: center;\">Son las ca\u00eddas hondas de los Cristos del alma, de alguna fe adorable<br \/>\nque el Destino blasfema. Esos golpes sangrientos son las crepitaciones<br \/>\nde alg\u00fan pan que en la puerta del horno se nos quema.<\/p>\n<p style=\"text-align: center;\">\u00a1Y el hombre &#8230; Pobre &#8230; pobre! Vuelve los ojos, como cuando por<br \/>\nsobre el hombro nos llama una palmada; vuelve los ojos locos, y<br \/>\ntodo lo vivido se empoza, como un charco de culpa, en la mirada.<\/p>\n<p style=\"text-align: center;\">Hay golpes en la vida, tan fuertes &#8230; \u00a1Yo no s\u00e9!<\/p>\n<p style=\"text-align: center;\">C\u00c9SAR VALLEJO, Per\u00fa (1892 \u2013 1938)<br \/>\nde \u201cLos heraldos negros\u201d<\/p>\n<p><\/p>","protected":false},"excerpt":{"rendered":"<p>&nbsp; Una protesta por el asesinato de George Floyd Hay golpes en la vida, tan fuertes&#8230; \u00a1Yo no s\u00e9! Golpes como del odio de Dios; como si ante ellos, la resaca de todo lo sufrido se empozara en el alma&#8230; \u00a1Yo no s\u00e9! Son pocos; pero son&#8230; Abren zanjas oscuras en el rostro m\u00e1s fiero [&hellip;]<\/p>\n","protected":false},"author":1,"featured_media":4393,"comment_status":"closed","ping_status":"closed","sticky":false,"template":"","format":"standard","meta":{"_wp_rev_ctl_limit":""},"categories":[14],"tags":[],"_links":{"self":[{"href":"https:\/\/www.point-editions.com\/es\/wp-json\/wp\/v2\/posts\/4392"}],"collection":[{"href":"https:\/\/www.point-editions.com\/es\/wp-json\/wp\/v2\/posts"}],"about":[{"href":"https:\/\/www.point-editions.com\/es\/wp-json\/wp\/v2\/types\/post"}],"author":[{"embeddable":true,"href":"https:\/\/www.point-editions.com\/es\/wp-json\/wp\/v2\/users\/1"}],"replies":[{"embeddable":true,"href":"https:\/\/www.point-editions.com\/es\/wp-json\/wp\/v2\/comments?post=4392"}],"version-history":[{"count":7,"href":"https:\/\/www.point-editions.com\/es\/wp-json\/wp\/v2\/posts\/4392\/revisions"}],"predecessor-version":[{"id":4515,"href":"https:\/\/www.point-editions.com\/es\/wp-json\/wp\/v2\/posts\/4392\/revisions\/4515"}],"wp:featuredmedia":[{"embeddable":true,"href":"https:\/\/www.point-editions.com\/es\/wp-json\/wp\/v2\/media\/4393"}],"wp:attachment":[{"href":"https:\/\/www.point-editions.com\/es\/wp-json\/wp\/v2\/media?parent=4392"}],"wp:term":[{"taxonomy":"category","embeddable":true,"href":"https:\/\/www.point-editions.com\/es\/wp-json\/wp\/v2\/categories?post=4392"},{"taxonomy":"post_tag","embeddable":true,"href":"https:\/\/www.point-editions.com\/es\/wp-json\/wp\/v2\/tags?post=4392"}],"curies":[{"name":"wp","href":"https:\/\/api.w.org\/{rel}","templated":true}]}}