{"id":5823,"date":"2022-12-15T12:38:45","date_gmt":"2022-12-15T13:38:45","guid":{"rendered":"https:\/\/www.point-editions.com\/?p=5823"},"modified":"2022-12-15T12:38:45","modified_gmt":"2022-12-15T13:38:45","slug":"749-fuga-de-aqui-hilde-domin-alemania","status":"publish","type":"post","link":"https:\/\/www.point-editions.com\/es\/749-fuga-de-aqui-hilde-domin-alemania\/","title":{"rendered":"749 | FUGA DE AQU\u00cd &#8211; Hilde Domin, Alemania"},"content":{"rendered":"<p><img decoding=\"async\" loading=\"lazy\" class=\"alignnone size-medium wp-image-5817 aligncenter\" src=\"https:\/\/www.point-editions.com\/wp-content\/uploads\/2022\/12\/Afbeelding-749-300x224.jpg\" alt=\"schilderij hoort bij Ithaca 749\" width=\"300\" height=\"224\" srcset=\"https:\/\/www.point-editions.com\/wp-content\/uploads\/2022\/12\/Afbeelding-749-300x224.jpg 300w, https:\/\/www.point-editions.com\/wp-content\/uploads\/2022\/12\/Afbeelding-749-200x150.jpg 200w, https:\/\/www.point-editions.com\/wp-content\/uploads\/2022\/12\/Afbeelding-749.jpg 623w\" sizes=\"(max-width: 300px) 100vw, 300px\" \/><\/p>\n<p style=\"text-align: center;\"><em>Pintura de Nives Palmi\u0107, Eslovenia<br \/>\n<\/em><a href=\"https:\/\/www.behance.net\/nivespalmia91a\">https:\/\/www.behance.net\/nivespalmia91a<\/a><u><br \/>\n<\/u><u><br \/>\n<\/u><strong>Fuga de aqu\u00ed<\/strong><\/p>\n<p style=\"text-align: center;\"><em>Para Paul Celan, Peter Szondi, Jean Am\u00e9ry,<br \/>\nque no quer\u00edan seguir viviendo<\/em><\/p>\n<p style=\"text-align: center;\">\nLa cuerda<br \/>\nanudada con s\u00e1banas al modo del preso<br \/>\nlas s\u00e1banas sobre las que llor\u00e9<br \/>\nme las ci\u00f1o<br \/>\ncuerda de buzo<br \/>\nalrededor de mi cuerpo<br \/>\nsalto<br \/>\nme sumerjo<br \/>\nfuera del d\u00eda atraves\u00e1ndolo<br \/>\nemerjo salgo<br \/>\nal otro lado de la tierra<br \/>\nAll\u00ed quiero<br \/>\nrespirar m\u00e1s libremente<br \/>\nall\u00ed, inventar un alfabeto<br \/>\nde letras activas.<\/p>\n<p style=\"text-align: center;\"><strong>Hilde Domin<\/strong>, Alemania (1909 \u2013 2006)<br \/>\n<strong><em>Traducci\u00f3n Germain Droogenbroodt \u2013 Rafael Carcel\u00e9n<\/em><\/strong><\/p>\n<p style=\"text-align: center;\">de \u201e<em>Gesammelte Gedichte<\/em>\u201c, Fischer Verlag, Frankfurt<br \/>\n***<\/p>\n<p style=\"text-align: center;\"><strong><em>Ausbruch von hier \/\/ <\/em><\/strong><em>F\u00fcr Paul Celan, Peter Szondi, Jean Am\u00e9ry, die nicht weiterleben wollten Das Seil\/nach H\u00e4ftlingsart aus Bettt\u00fcchern gekn\u00fcpft\/die Bettt\u00fccher auf denen ich geweint habe\/ich winde es um mich\/Taucherseil\/um meinen Leib\/ich springe ab\/ich tauche\/weg vom Tag\/hindurch\/tauche ich auf\/auf der anderen Seite der Erde\/Dort will ich\/freier atmen\/dort will ich ein Alphabet erfinden\/von t\u00e4tigen Buchstaben.<\/em><\/p>\n<p><\/p>","protected":false},"excerpt":{"rendered":"<p>Pintura de Nives Palmi\u0107, Eslovenia https:\/\/www.behance.net\/nivespalmia91a Fuga de aqu\u00ed Para Paul Celan, Peter Szondi, Jean Am\u00e9ry, que no quer\u00edan seguir viviendo La cuerda anudada con s\u00e1banas al modo del preso las s\u00e1banas sobre las que llor\u00e9 me las ci\u00f1o cuerda de buzo alrededor de mi cuerpo salto me sumerjo fuera del d\u00eda atraves\u00e1ndolo emerjo salgo [&hellip;]<\/p>\n","protected":false},"author":1,"featured_media":5817,"comment_status":"closed","ping_status":"closed","sticky":false,"template":"","format":"standard","meta":{"_wp_rev_ctl_limit":""},"categories":[36],"tags":[],"_links":{"self":[{"href":"https:\/\/www.point-editions.com\/es\/wp-json\/wp\/v2\/posts\/5823"}],"collection":[{"href":"https:\/\/www.point-editions.com\/es\/wp-json\/wp\/v2\/posts"}],"about":[{"href":"https:\/\/www.point-editions.com\/es\/wp-json\/wp\/v2\/types\/post"}],"author":[{"embeddable":true,"href":"https:\/\/www.point-editions.com\/es\/wp-json\/wp\/v2\/users\/1"}],"replies":[{"embeddable":true,"href":"https:\/\/www.point-editions.com\/es\/wp-json\/wp\/v2\/comments?post=5823"}],"version-history":[{"count":1,"href":"https:\/\/www.point-editions.com\/es\/wp-json\/wp\/v2\/posts\/5823\/revisions"}],"predecessor-version":[{"id":5824,"href":"https:\/\/www.point-editions.com\/es\/wp-json\/wp\/v2\/posts\/5823\/revisions\/5824"}],"wp:featuredmedia":[{"embeddable":true,"href":"https:\/\/www.point-editions.com\/es\/wp-json\/wp\/v2\/media\/5817"}],"wp:attachment":[{"href":"https:\/\/www.point-editions.com\/es\/wp-json\/wp\/v2\/media?parent=5823"}],"wp:term":[{"taxonomy":"category","embeddable":true,"href":"https:\/\/www.point-editions.com\/es\/wp-json\/wp\/v2\/categories?post=5823"},{"taxonomy":"post_tag","embeddable":true,"href":"https:\/\/www.point-editions.com\/es\/wp-json\/wp\/v2\/tags?post=5823"}],"curies":[{"name":"wp","href":"https:\/\/api.w.org\/{rel}","templated":true}]}}