{"id":6664,"date":"2024-12-28T13:34:50","date_gmt":"2024-12-28T14:34:50","guid":{"rendered":"https:\/\/www.point-editions.com\/?p=6664"},"modified":"2024-12-28T13:59:31","modified_gmt":"2024-12-28T14:59:31","slug":"poetic-morning","status":"publish","type":"post","link":"https:\/\/www.point-editions.com\/es\/poetic-morning\/","title":{"rendered":"Ma\u00f1ana po\u00e9tica"},"content":{"rendered":"<p><\/p>\n<p style=\"text-align: center;\"><strong>Felices Fiestas<\/strong><\/p>\n<p><img decoding=\"async\" loading=\"lazy\" class=\"size-medium wp-image-6665 aligncenter\" src=\"https:\/\/www.point-editions.com\/wp-content\/uploads\/2024\/12\/Cho-Yoong-il-300x258.jpg\" alt=\"\" width=\"300\" height=\"258\" srcset=\"https:\/\/www.point-editions.com\/wp-content\/uploads\/2024\/12\/Cho-Yoong-il-300x258.jpg 300w, https:\/\/www.point-editions.com\/wp-content\/uploads\/2024\/12\/Cho-Yoong-il-200x172.jpg 200w, https:\/\/www.point-editions.com\/wp-content\/uploads\/2024\/12\/Cho-Yoong-il-768x660.jpg 768w, https:\/\/www.point-editions.com\/wp-content\/uploads\/2024\/12\/Cho-Yoong-il.jpg 820w\" sizes=\"(max-width: 300px) 100vw, 300px\" \/><\/p>\n<p style=\"text-align: center;\">Cho, Yoong-il<\/p>\n<p>&nbsp;<\/p>\n<p style=\"text-align: center;\"><strong>\u00a0<\/strong><strong>Ma\u00f1ana po\u00e9tica<\/strong><\/p>\n<p style=\"text-align: center;\"><strong>\u00a0<\/strong><strong>Leer las centellas<br \/>\nen los p\u00e9talos del amanecer<\/strong><\/p>\n<p style=\"text-align: center;\"><strong>tender un puente<br \/>\ncon los colores del arco iris<br \/>\nm\u00e1s all\u00e1 del horizonte<\/strong><\/p>\n<p style=\"text-align: center;\"><strong>plantar rosas<br \/>\nsobre los escollos del sue\u00f1o.<\/strong><\/p>\n<p>&nbsp;<\/p>\n<p style=\"text-align: center;\"><strong>Germain Droogenbroodt<br \/>\n<\/strong><em>\u00abLa Inquietud de la Palabra\u00bb<\/em><\/p>\n<p style=\"text-align: center;\"><strong>\u00a0<\/strong><\/p>\n<p><\/p>","protected":false},"excerpt":{"rendered":"<p>Felices Fiestas Cho, Yoong-il &nbsp; \u00a0Ma\u00f1ana po\u00e9tica \u00a0Leer las centellas en los p\u00e9talos del amanecer tender un puente con los colores del arco iris m\u00e1s all\u00e1 del horizonte plantar rosas sobre los escollos del sue\u00f1o. &nbsp; Germain Droogenbroodt \u00abLa Inquietud de la Palabra\u00bb \u00a0<\/p>\n","protected":false},"author":1,"featured_media":6665,"comment_status":"closed","ping_status":"closed","sticky":false,"template":"","format":"standard","meta":{"_wp_rev_ctl_limit":""},"categories":[14],"tags":[],"_links":{"self":[{"href":"https:\/\/www.point-editions.com\/es\/wp-json\/wp\/v2\/posts\/6664"}],"collection":[{"href":"https:\/\/www.point-editions.com\/es\/wp-json\/wp\/v2\/posts"}],"about":[{"href":"https:\/\/www.point-editions.com\/es\/wp-json\/wp\/v2\/types\/post"}],"author":[{"embeddable":true,"href":"https:\/\/www.point-editions.com\/es\/wp-json\/wp\/v2\/users\/1"}],"replies":[{"embeddable":true,"href":"https:\/\/www.point-editions.com\/es\/wp-json\/wp\/v2\/comments?post=6664"}],"version-history":[{"count":3,"href":"https:\/\/www.point-editions.com\/es\/wp-json\/wp\/v2\/posts\/6664\/revisions"}],"predecessor-version":[{"id":6677,"href":"https:\/\/www.point-editions.com\/es\/wp-json\/wp\/v2\/posts\/6664\/revisions\/6677"}],"wp:featuredmedia":[{"embeddable":true,"href":"https:\/\/www.point-editions.com\/es\/wp-json\/wp\/v2\/media\/6665"}],"wp:attachment":[{"href":"https:\/\/www.point-editions.com\/es\/wp-json\/wp\/v2\/media?parent=6664"}],"wp:term":[{"taxonomy":"category","embeddable":true,"href":"https:\/\/www.point-editions.com\/es\/wp-json\/wp\/v2\/categories?post=6664"},{"taxonomy":"post_tag","embeddable":true,"href":"https:\/\/www.point-editions.com\/es\/wp-json\/wp\/v2\/tags?post=6664"}],"curies":[{"name":"wp","href":"https:\/\/api.w.org\/{rel}","templated":true}]}}