{"id":7089,"date":"2026-05-01T14:34:23","date_gmt":"2026-05-01T15:34:23","guid":{"rendered":"https:\/\/www.point-editions.com\/?p=7089"},"modified":"2026-05-01T14:46:43","modified_gmt":"2026-05-01T15:46:43","slug":"828-with-a-childs-eyes","status":"publish","type":"post","link":"https:\/\/www.point-editions.com\/fr\/828-with-a-childs-eyes\/","title":{"rendered":"828 | WITH A CHILD\u2019S EYES"},"content":{"rendered":"<p><img decoding=\"async\" loading=\"lazy\" class=\"size-medium wp-image-7090 aligncenter\" src=\"https:\/\/www.point-editions.com\/wp-content\/uploads\/2026\/05\/enfant-300x160.jpg\" alt=\"\" width=\"300\" height=\"160\" srcset=\"https:\/\/www.point-editions.com\/wp-content\/uploads\/2026\/05\/enfant-300x160.jpg 300w, https:\/\/www.point-editions.com\/wp-content\/uploads\/2026\/05\/enfant-200x106.jpg 200w, https:\/\/www.point-editions.com\/wp-content\/uploads\/2026\/05\/enfant.jpg 378w\" sizes=\"(max-width: 300px) 100vw, 300px\" \/><\/p>\n<p style=\"text-align: center;\"><strong>Avec les yeux d\u2019un enfant<\/strong><\/p>\n<p style=\"text-align: center;\">Je veux voir le monde avec les yeux d\u2019un enfant,<br \/>\nen forme d\u2019amande, clair, pur et innocent\u00a0:<br \/>\nun pr\u00e9 o\u00f9 s\u2019\u00e9panouissent hommes, fleurs et sourires,<br \/>\no\u00f9 sont absents la faim, la pauvret\u00e9 et le mal.<\/p>\n<p style=\"text-align: center;\">Je veux voir le monde avec les yeux d\u2019un enfant,<br \/>\nsentir la magie des r\u00eaves me caresser,<br \/>\nrejoindre les \u00e9toiles \u00e0 l\u2019aide d\u2019une \u00e9chelle<br \/>\npour pouvoir toucher de mon bras les horizons.<\/p>\n<p style=\"text-align: center;\">Non, avec mes yeux je ne veux pas voir le monde,<br \/>\nh\u00e9las, ils ont trop vu, ils sont<br \/>\nplong\u00e9s dans des larmes qui jamais ne tarissent<br \/>\net derri\u00e8re un voile contemplent l\u2019univers.<\/p>\n<p style=\"text-align: center;\"><strong>Irma Kurti<\/strong><strong>, <\/strong><strong>Albanie-Italie<\/strong><\/p>\n<p style=\"text-align: center;\"><em>Traduction Germain Droogenbroodt \u2013 Elisabeth Gerlache<br \/>\n<\/em><strong><br \/>\n<\/strong><br \/>\nBelle vid\u00e9o avec belles photos:<br \/>\n<a href=\"https:\/\/www.youtube.com\/watch?v=LBEtMUmDMHQ&amp;t=5s\">Irma Kurti(\uc774\ub974\ub9c8 \ucfe0\ub974\ud2f0) \uc54c\ubc14\ub2c8\uc544 \uc2dc\uc778 &lsquo;WITH A CHILD\u2019S EYES(\uc5b4\ub9b0\uc544\uc774\uc758 \ub208\uc73c\ub85c)<\/a><\/p>\n<p style=\"text-align: center;\">\n<p><\/p>","protected":false},"excerpt":{"rendered":"<p>Avec les yeux d\u2019un enfant Je veux voir le monde avec les yeux d\u2019un enfant, en forme d\u2019amande, clair, pur et innocent\u00a0: un pr\u00e9 o\u00f9 s\u2019\u00e9panouissent hommes, fleurs et sourires, o\u00f9 sont absents la faim, la pauvret\u00e9 et le mal. Je veux voir le monde avec les yeux d\u2019un enfant, sentir la magie des r\u00eaves [&hellip;]<\/p>\n","protected":false},"author":1,"featured_media":7090,"comment_status":"closed","ping_status":"closed","sticky":false,"template":"","format":"standard","meta":{"_wp_rev_ctl_limit":""},"categories":[2],"tags":[],"_links":{"self":[{"href":"https:\/\/www.point-editions.com\/fr\/wp-json\/wp\/v2\/posts\/7089"}],"collection":[{"href":"https:\/\/www.point-editions.com\/fr\/wp-json\/wp\/v2\/posts"}],"about":[{"href":"https:\/\/www.point-editions.com\/fr\/wp-json\/wp\/v2\/types\/post"}],"author":[{"embeddable":true,"href":"https:\/\/www.point-editions.com\/fr\/wp-json\/wp\/v2\/users\/1"}],"replies":[{"embeddable":true,"href":"https:\/\/www.point-editions.com\/fr\/wp-json\/wp\/v2\/comments?post=7089"}],"version-history":[{"count":3,"href":"https:\/\/www.point-editions.com\/fr\/wp-json\/wp\/v2\/posts\/7089\/revisions"}],"predecessor-version":[{"id":7098,"href":"https:\/\/www.point-editions.com\/fr\/wp-json\/wp\/v2\/posts\/7089\/revisions\/7098"}],"wp:featuredmedia":[{"embeddable":true,"href":"https:\/\/www.point-editions.com\/fr\/wp-json\/wp\/v2\/media\/7090"}],"wp:attachment":[{"href":"https:\/\/www.point-editions.com\/fr\/wp-json\/wp\/v2\/media?parent=7089"}],"wp:term":[{"taxonomy":"category","embeddable":true,"href":"https:\/\/www.point-editions.com\/fr\/wp-json\/wp\/v2\/categories?post=7089"},{"taxonomy":"post_tag","embeddable":true,"href":"https:\/\/www.point-editions.com\/fr\/wp-json\/wp\/v2\/tags?post=7089"}],"curies":[{"name":"wp","href":"https:\/\/api.w.org\/{rel}","templated":true}]}}