{"id":2945,"date":"2016-10-14T12:42:58","date_gmt":"2016-10-14T10:42:58","guid":{"rendered":"http:\/\/www.point-editions.com\/?p=2945"},"modified":"2016-10-14T12:46:53","modified_gmt":"2016-10-14T10:46:53","slug":"point-exposeert-weer-op-de-boekenbeurs","status":"publish","type":"post","link":"https:\/\/www.point-editions.com\/nl\/point-exposeert-weer-op-de-boekenbeurs\/","title":{"rendered":"POINT EXPOSEERT WEER OP DE BOEKENBEURS"},"content":{"rendered":"<p><\/p>\n<p style=\"text-align: center;\"><span style=\"color: #ff0000;\"><strong><span style=\"font-size: 24pt;\">POINT staat weer op de boekenbeurs!<\/span><\/strong><\/span><\/p>\n<p style=\"text-align: center;\"><span style=\"font-size: 18pt; color: #993300;\"><strong>Zaal 4, stand nr. 416<\/strong> (tegenover Cafetaria) 31.10-11-11<\/span><br \/>\n<span style=\"font-size: 18pt; color: #993300;\"> \u00a0M\u00e9\u00e9r dan 80 bundels moderne po\u00ebzie uit alle werelddelen<br \/>\nin het Nederlands met originele versies.<\/span><\/p>\n<p style=\"text-align: center;\"><img decoding=\"async\" loading=\"lazy\" class=\"aligncenter wp-image-2934\" src=\"http:\/\/www.point-editions.com\/wp-content\/uploads\/2016\/10\/Foto-stand-POINT-DSC_0016.jpg\" alt=\"foto-stand-point-dsc_0016\" width=\"415\" height=\"299\" srcset=\"https:\/\/www.point-editions.com\/wp-content\/uploads\/2016\/10\/Foto-stand-POINT-DSC_0016.jpg 275w, https:\/\/www.point-editions.com\/wp-content\/uploads\/2016\/10\/Foto-stand-POINT-DSC_0016-200x144.jpg 200w, https:\/\/www.point-editions.com\/wp-content\/uploads\/2016\/10\/Foto-stand-POINT-DSC_0016-140x100.jpg 140w\" sizes=\"(max-width: 415px) 100vw, 415px\" \/><span style=\"font-size: 12pt; color: #993300;\">Point stand op de Antwerpse boekenbeurs 2015<\/span><\/p>\n<p style=\"text-align: justify;\"><span style=\"color: #993300;\"><em>POINT Editions, de oudste po\u00ebzie-uitgeverij van Vlaanderen, publiceert sinds 1984 po\u00ebzie van \u2019s werelds belangrijkste bekende en onbekende buitenlande dichters. Een unieke verzameling in het Nederlandse taalgebied. Afrikaanse, Argentijnse, Bosnische, Catalaanse, Chileense, Duitse, Griekse, Ha\u00eftiaanse, Italiaanse, Japanse, Koreaanse, Libanese, Macedonische, Marokkaanse, Mexicaanse, Nicaraguaanse, Oostenrijkse, Palestijnse, Perzische, Poolse, Russische, Servische, Spaanse, Taiwanese en Tsjechische po\u00ebzie. Liefdesgedichten, Ge\u00ebngageerde po\u00ebzie uit Latijns Amerika, natuurpo\u00ebzie, filosofische en mystieke gedichten, verzen over afscheid en overlijden: de mooiste, de meeste aangrijpende moderne buitenlandse po\u00ebzie!<\/em><\/span><\/p>\n<p style=\"text-align: center;\"><span style=\"font-size: 24pt; color: #ff0000;\"><strong>Het versluierde woord<\/strong><\/span><br \/>\n<span style=\"font-size: 14pt; color: #993300;\"><strong> Een bloemlezing moderne hedendaagse po\u00ebzie<\/strong><\/span><br \/>\n<span style=\"font-size: 14pt; color: #993300;\"><strong> (derde deel)<\/strong><\/span><\/p>\n<p style=\"text-align: center;\"><img decoding=\"async\" loading=\"lazy\" class=\"aligncenter wp-image-2936\" src=\"http:\/\/www.point-editions.com\/wp-content\/uploads\/2016\/10\/Cover-Het-versluierde-woord.jpg\" alt=\"cover-het-versluierde-woord\" width=\"228\" height=\"385\" \/><\/p>\n<p style=\"text-align: center;\"><strong><span style=\"color: #993300; font-size: 18pt;\">In de golven<\/span><\/strong><\/p>\n<h3 style=\"text-align: center;\"><span style=\"font-size: 14pt;\"><span style=\"color: #993300;\"><em>\u00a0<\/em><\/span><span style=\"color: #993300;\"><em>De zee zo<br \/>\nGroen en zo open<br \/>\n<\/em><\/span><span style=\"color: #993300;\"><em>Ik heb mijn voeten<br \/>\nin het water<br \/>\n<\/em><\/span><span style=\"color: #993300;\"><em>In de golven<br \/>\nZie ik vissen<br \/>\n<\/em><\/span><span style=\"color: #993300;\"><em>De zomer de<br \/>\nZomer is gekomen<br \/>\nBij jou.<\/em><\/span><\/span><\/h3>\n<h3 style=\"text-align: center;\"><span style=\"color: #993300;\"><span style=\"font-size: 18pt;\"><strong>Sarah Kirsch<\/strong><\/span> (Duitsland)<\/span><br \/>\n<span style=\"color: #993300;\"><br \/>\n***<\/span><br \/>\n<span style=\"color: #993300; font-size: 18pt;\"> <strong>Regendag<\/strong><\/span><\/h3>\n<h3 style=\"text-align: center;\"><em><span style=\"color: #993300;\">Nooit meer die regen<\/span><\/em><br \/>\n<em><span style=\"color: #993300;\"> noch die vlek van licht<\/span><\/em><br \/>\n<em><span style=\"color: #993300;\"> op de steile rots<\/span><\/em><br \/>\n<em><span style=\"color: #993300;\"> noch de rand<\/span><\/em><br \/>\n<em><span style=\"color: #993300;\"> van die wolk<\/span><\/em><br \/>\n<em><span style=\"color: #993300;\"> noch jouw onbeweeglijke<\/span><\/em><br \/>\n<em><span style=\"color: #993300;\"> vluchtige glimlach<\/span><\/em><br \/>\n<em><span style=\"color: #993300;\"> Nooit meer dat ogenblik<\/span><\/em><br \/>\n<em><span style=\"color: #993300;\"> waarmee je met je ogen<\/span><\/em><br \/>\n<em><span style=\"color: #993300;\"> al vaarwel zegt.<\/span><\/em><\/h3>\n<p style=\"text-align: center;\"><span style=\"color: #993300;\"><span style=\"font-size: 18pt;\"> <strong>Claribel Alegr\u00eda<\/strong> (<\/span>Nicaragua)<\/span><\/p>\n<p style=\"text-align: center;\"><span style=\"color: #ff0000; font-size: 24pt;\"> NIEUW!<\/span><\/p>\n<p style=\"text-align: center;\"><span style=\"color: #ff0000; font-size: 24pt;\"> De efemere bloem van de tijd<\/span><br \/>\n<span style=\"color: #993300;\"><span style=\"color: #ff0000; font-size: 18pt;\"> <em>La<\/em> <\/span><em><span style=\"color: #ff0000; font-size: 18pt;\">Ef\u00edmera flor del tiempo<\/span><br \/>\n<\/em>De nieuwste po\u00ebzie van Germain Droogenbroodt <\/span><\/p>\n<h3 style=\"text-align: center;\"><img decoding=\"async\" loading=\"lazy\" class=\"aligncenter wp-image-2938\" src=\"http:\/\/www.point-editions.com\/wp-content\/uploads\/2016\/10\/Omslag-De-efemere-bloem-van-de-tijd-hard-cover.jpg\" alt=\"omslag-de-efemere-bloem-van-de-tijd-hard-cover\" width=\"236\" height=\"380\" \/><em><span style=\"font-size: 12pt;\"><strong><span style=\"color: #800000;\">Publicatie met harde kaft<\/span><\/strong><\/span><\/em><\/h3>\n<p style=\"text-align: center;\"><img decoding=\"async\" loading=\"lazy\" class=\"aligncenter wp-image-2940\" src=\"http:\/\/www.point-editions.com\/wp-content\/uploads\/2016\/10\/Omslag-Efemere-bloem-soft-cover.jpg\" alt=\"Efemere-bloem_omslag_220716.pub\" width=\"233\" height=\"366\" \/>Publictie met zacht kaft<\/p>\n<p style=\"text-align: center;\"><span style=\"font-size: 12pt; color: #ff0000;\"><em>Uw gedichten bevatten een serene diepte en kennis, een zeldzame\u00a0kwaliteit in de hedendaagse internationale po\u00ebzie. Alleen Tagore\u00a0<\/em><em>benadert de manier waarover u over het woord mediteert.<\/em><br \/>\nThachom Poyil Rajeevan,\u00a0 Indische dichter-uitgever\u00a0<\/span><\/p>\n<p style=\"text-align: center;\"><span style=\"font-size: 18pt;\"><strong><span style=\"color: #993300;\">VRAAG<\/span><\/strong><\/span><\/p>\n<p style=\"text-align: center;\"><span style=\"font-size: 14pt;\"><span style=\"color: #993300;\"><em>Hoe de dageraad gelijk<br \/>\n<\/em><\/span><span style=\"color: #993300;\"><em>te doorbreken het duister van de nacht<br \/>\n<\/em><\/span><span style=\"color: #993300;\"><em>de twijfel omtrent het al dan niet vinden<br \/>\n<\/em><\/span><span style=\"color: #993300;\"><em>van de weg naar een verder<br \/>\n<\/em><\/span><span style=\"color: #993300;\"><em>naar de herkenning<br \/>\n<\/em><\/span><\/span><span style=\"color: #993300;\"><em><span style=\"font-size: 14pt;\">naar meer licht.<\/span><\/em><\/span><\/p>\n<p style=\"text-align: center;\">***<\/p>\n<p style=\"text-align: center;\"><span style=\"font-size: 18pt;\">REFLECTIE<\/span><br \/>\n<span style=\"color: #993300;\"> <em><br \/>\n<span style=\"font-size: 14pt;\">Maar hoe kan terugkeer naar huis<\/span><br \/>\n<\/em><\/span><span style=\"font-size: 14pt;\"><span style=\"color: #993300;\"><em>terugkeer naar huis zijn<br \/>\n<\/em><\/span><span style=\"color: #993300;\"><em>als er niemand meer<br \/>\n<\/em><\/span><span style=\"color: #993300;\"><em>op je wacht?<\/em><\/span><\/span><\/p>\n<p style=\"text-align: center;\"><span style=\"font-size: 14pt;\"><span style=\"color: #993300;\"><em>\u00a0<\/em><\/span><span style=\"color: #993300;\">Germain Droogenbroodt<\/span><\/span><\/p>\n<p style=\"text-align: center;\"><span style=\"color: #993300;\">Uit: De efemere bloem van de tijd \u2013 <em>La Ef\u00edmera flor del tiempo<\/em>\u201d<\/span><\/p>\n<p style=\"text-align: center;\"><span style=\"color: #993300;\"> ***<\/span><\/p>\n<p style=\"text-align: center;\"><strong><span style=\"color: #ff0000; font-size: 24pt;\"> De mooiste originele Japanse haiku\u2019s<br \/>\n<span style=\"font-size: 18pt;\">deel 1 en deel 2<\/span><\/span><\/strong><br \/>\n<span style=\"color: #ff0000; font-size: 14pt;\"> <strong>VIERDE DRUK!!!<\/strong><\/span><\/p>\n<p style=\"text-align: center;\"><img decoding=\"async\" loading=\"lazy\" class=\"aligncenter wp-image-2942\" src=\"http:\/\/www.point-editions.com\/wp-content\/uploads\/2016\/10\/Cover-De-mooiste-haikus-deel-1.jpg\" alt=\"cover-de-mooiste-haikus-deel-1\" width=\"191\" height=\"299\" \/><\/p>\n<p style=\"text-align: center;\"><img decoding=\"async\" loading=\"lazy\" class=\"aligncenter wp-image-2944\" src=\"http:\/\/www.point-editions.com\/wp-content\/uploads\/2016\/10\/Cover-De-mooiste-Japanse-Haikus-deel-2.jpg\" alt=\"cover-de-mooiste-japanse-haikus-deel-2\" width=\"189\" height=\"300\" \/><\/p>\n<p style=\"text-align: center;\"><span style=\"color: #993300; font-size: 14pt;\"><em>Een eenzame kraai<br \/>\nop een tak gehurkt<br \/>\neen najaarsavond<br \/>\n<\/em><\/span><span style=\"color: #993300; font-size: 14pt;\">Bash\u00f4<\/span><\/p>\n<p style=\"text-align: center;\"><span style=\"color: #993300; font-size: 14pt;\"> <em>Als een nieuwjaarsgeschenk<br \/>\nvan het kind tegen mijn borst<br \/>\nde kleine handjes<br \/>\n<\/em><\/span><span style=\"color: #993300; font-size: 14pt;\">Issa<br \/>\n<\/span><br \/>\n<span style=\"color: #ff0000;\">Het was natuurlijk niet de opzet van de samensteller om een achtergrondwerk te schrijven over het genre, maar om een beeld te geven van het werk van de belangrijkste haiku-dichters. En daar is hij wel degelijk in geslaagd.<br \/>\n<strong>Vlabin, recensie Nederlandse bibliotheekdienst.<\/strong><\/span><\/p>\n<p style=\"text-align: center;\"><span style=\"font-size: 24pt; color: #993300;\">Welkom op onze stand!<\/span><\/p>\n<p style=\"text-align: center;\">\n<p><\/p>","protected":false},"excerpt":{"rendered":"<p>POINT staat weer op de boekenbeurs! Zaal 4, stand nr. 416 (tegenover Cafetaria) 31.10-11-11 \u00a0M\u00e9\u00e9r dan 80 bundels moderne po\u00ebzie uit alle werelddelen in het Nederlands met originele versies. Point stand op de Antwerpse boekenbeurs 2015 POINT Editions, de oudste po\u00ebzie-uitgeverij van Vlaanderen, publiceert sinds 1984 po\u00ebzie van \u2019s werelds belangrijkste bekende en onbekende buitenlande [&hellip;]<\/p>\n","protected":false},"author":1,"featured_media":2934,"comment_status":"open","ping_status":"open","sticky":false,"template":"","format":"standard","meta":{"_wp_rev_ctl_limit":""},"categories":[2],"tags":[],"_links":{"self":[{"href":"https:\/\/www.point-editions.com\/nl\/wp-json\/wp\/v2\/posts\/2945"}],"collection":[{"href":"https:\/\/www.point-editions.com\/nl\/wp-json\/wp\/v2\/posts"}],"about":[{"href":"https:\/\/www.point-editions.com\/nl\/wp-json\/wp\/v2\/types\/post"}],"author":[{"embeddable":true,"href":"https:\/\/www.point-editions.com\/nl\/wp-json\/wp\/v2\/users\/1"}],"replies":[{"embeddable":true,"href":"https:\/\/www.point-editions.com\/nl\/wp-json\/wp\/v2\/comments?post=2945"}],"version-history":[{"count":0,"href":"https:\/\/www.point-editions.com\/nl\/wp-json\/wp\/v2\/posts\/2945\/revisions"}],"wp:featuredmedia":[{"embeddable":true,"href":"https:\/\/www.point-editions.com\/nl\/wp-json\/wp\/v2\/media\/2934"}],"wp:attachment":[{"href":"https:\/\/www.point-editions.com\/nl\/wp-json\/wp\/v2\/media?parent=2945"}],"wp:term":[{"taxonomy":"category","embeddable":true,"href":"https:\/\/www.point-editions.com\/nl\/wp-json\/wp\/v2\/categories?post=2945"},{"taxonomy":"post_tag","embeddable":true,"href":"https:\/\/www.point-editions.com\/nl\/wp-json\/wp\/v2\/tags?post=2945"}],"curies":[{"name":"wp","href":"https:\/\/api.w.org\/{rel}","templated":true}]}}