{"id":3299,"date":"2017-08-18T13:25:13","date_gmt":"2017-08-18T11:25:13","guid":{"rendered":"http:\/\/www.point-editions.com\/?p=3299"},"modified":"2017-08-18T16:02:48","modified_gmt":"2017-08-18T14:02:48","slug":"victor-monge-serranito-12-agosto","status":"publish","type":"post","link":"https:\/\/www.point-editions.com\/nl\/victor-monge-serranito-12-agosto\/","title":{"rendered":"Victor Monge SERRANITO 12 Agosto"},"content":{"rendered":"<p><\/p>\n<p style=\"text-align: justify;\"><strong>Concierto Altea 12 Agosto 2012<\/strong><br \/>\n<strong> Victor Monge SERRANITO<\/strong><br \/>\n<strong> Todos los temas compuestos por: Victor Monge<\/strong><\/p>\n<p style=\"text-align: justify;\"><img decoding=\"async\" loading=\"lazy\" class=\"aligncenter size-full wp-image-3300\" src=\"http:\/\/www.point-editions.com\/wp-content\/uploads\/2017\/08\/serranito.png\" alt=\"\" width=\"1000\" height=\"667\" srcset=\"https:\/\/www.point-editions.com\/wp-content\/uploads\/2017\/08\/serranito.png 1000w, https:\/\/www.point-editions.com\/wp-content\/uploads\/2017\/08\/serranito-300x200.png 300w, https:\/\/www.point-editions.com\/wp-content\/uploads\/2017\/08\/serranito-600x400.png 600w, https:\/\/www.point-editions.com\/wp-content\/uploads\/2017\/08\/serranito-200x133.png 200w, https:\/\/www.point-editions.com\/wp-content\/uploads\/2017\/08\/serranito-768x512.png 768w\" sizes=\"(max-width: 1000px) 100vw, 1000px\" \/><\/p>\n<p style=\"text-align: justify;\"><strong>Escrito Programa<\/strong><\/p>\n<p style=\"text-align: justify;\">Siempre he sentido desde muy ni\u00f1o el flamenco: cante, baile y sobre todo la guitarra, como una de las expresiones art\u00edsticas m\u00e1s bellas del mundo del arte; inspiraci\u00f3n de poetas, pintores y m\u00fasicos de otras culturas.<br \/>\nNo cabe duda que tiene un atractivo especial incluso para el p\u00fablico que poco a poco ha ido creciendo en afici\u00f3n en el mundo entero y que he podido observar a trav\u00e9s de mis numerosos viajes y conciertos a lolargo de mi vida.<br \/>\nSon muchos los cambios y evoluciones que ha experimentado este arte a lo largo del tiempo y del que en parte, me siento responsable aportando con mi estudio, mi trabajo y mi inspiraci\u00f3n, todo lo que me ha sido posible, al igual que algunos de mis compa\u00f1eros, que en las tres facetas han luchado y siguen luchando en la actualidad haciendo de este arte algo maravillosos.<br \/>\nAlgunos de los temas que voy a interpretar:<\/p>\n<p style=\"text-align: justify;\"><strong>CAZORLA (Taranta)<\/strong><br \/>\nLa taranta es un estilo del flamenco muy profundo y atractivo. Sus ra\u00edces y su peculiar tonalidad, le hacen inconfundible y diferente de otros estilos. Sus letras casi siempre reivindican el duro trabajo en el fondo de las minas que es donde nace. Sin embargo esta TARANTA, se la he compuesto al nacimiento del r\u00edo m\u00e1s importante de Andaluc\u00eda, el r\u00edo Guadalquivir, por eso tiene sonido de agua y sabor a minas.<\/p>\n<p style=\"text-align: justify;\"><em>La Solea, es quiz\u00e1s el m\u00e1s representativo y antiguo de los \u201cestilos\u201d o \u201cpalos\u201d flamencos, de este ritmo \u201csolemne\u201d nacieron sin duda otros muchos, por eso se le llama la MADRE DEL CANTE<\/em>.<\/p>\n<p style=\"text-align: justify;\"><strong>COMO UN SUE\u00d1O (Alegr\u00edas)<\/strong><br \/>\nEstilo muy r\u00edtmico, de C\u00e1diz, se dice de esta tierra que la gente anda por la calle \u201ca comp\u00e1s\u201d, por su manera de expresarse y manifestar su personalidad.<br \/>\nEstas alegr\u00edas, est\u00e1n dedicadas a Cuba. Le compuse unas letras que dice: de la noche a la ma\u00f1ana mi guitarra esta so\u00f1ando, so\u00f1ando con una perla, esa perla que es LA HABANA.<\/p>\n<p style=\"text-align: justify;\"><strong>ROMANCE PARA UN POETA<\/strong><br \/>\nRecordando a GARCIA LORCA. En este \u201ctoque\u201d inspirado en uno de sus temas populares, mezclo varios estilos, por ejemplo: LA RONDE\u00d1A, SEGUIRILLAS, BULERIAS. Conservando el car\u00e1cter profundo para recordar al maestro.<\/p>\n<p style=\"text-align: justify;\"><strong>CALLE DE LA SANGRE (Bulerias)<\/strong><br \/>\nCuando se habla de flamenco, la buleria es imprescindible. Es el estilo r\u00edtmico m\u00e1s completo y dif\u00edcil; de hecho cuando queremos escuchar a un cantaor, a un guitarrista o ver como baila un bailaor, le pedimos que ejecute este \u201cpalo o estilo\u201d, porque es la forma m\u00e1s f\u00e1cil de saber si es un buen flamenco.<br \/>\nLa tierra donde se ejecuta m\u00e1s la buleria es en Jerez de la Frontera (C\u00e1diz), ciudad donde est\u00e1 dedicada esta Calle de la Sangre, una calle donde viven muchos flamencos.<\/p>\n<audio class=\"wp-audio-shortcode\" id=\"audio-3299-2\" preload=\"none\" style=\"width: 100%;\" controls=\"controls\"><source type=\"audio\/mpeg\" src=\"http:\/\/www.point-editions.com\/wp-content\/uploads\/2017\/08\/6.Agua-Fuego-Tierra-Aire.mp3?_=2\" \/><a href=\"http:\/\/www.point-editions.com\/wp-content\/uploads\/2017\/08\/6.Agua-Fuego-Tierra-Aire.mp3\">http:\/\/www.point-editions.com\/wp-content\/uploads\/2017\/08\/6.Agua-Fuego-Tierra-Aire.mp3<\/a><\/audio>\n<p style=\"text-align: justify;\"><a href=\"http:\/\/www.point-editions.com\/wp-content\/uploads\/2017\/08\/Vie\u030cctor-Monge-SERRANITO.pdf\" target=\"_blank\" rel=\"noopener\">V\u00edctor Monge SERRANITO<\/a><\/p>\n<p><\/p>","protected":false},"excerpt":{"rendered":"<p>Concierto Altea 12 Agosto 2012 Victor Monge SERRANITO Todos los temas compuestos por: Victor Monge Escrito Programa Siempre he sentido desde muy ni\u00f1o el flamenco: cante, baile y sobre todo la guitarra, como una de las expresiones art\u00edsticas m\u00e1s bellas del mundo del arte; inspiraci\u00f3n de poetas, pintores y m\u00fasicos de otras culturas. No cabe [&hellip;]<\/p>\n","protected":false},"author":1,"featured_media":3300,"comment_status":"open","ping_status":"open","sticky":false,"template":"","format":"standard","meta":{"_wp_rev_ctl_limit":""},"categories":[2],"tags":[],"_links":{"self":[{"href":"https:\/\/www.point-editions.com\/nl\/wp-json\/wp\/v2\/posts\/3299"}],"collection":[{"href":"https:\/\/www.point-editions.com\/nl\/wp-json\/wp\/v2\/posts"}],"about":[{"href":"https:\/\/www.point-editions.com\/nl\/wp-json\/wp\/v2\/types\/post"}],"author":[{"embeddable":true,"href":"https:\/\/www.point-editions.com\/nl\/wp-json\/wp\/v2\/users\/1"}],"replies":[{"embeddable":true,"href":"https:\/\/www.point-editions.com\/nl\/wp-json\/wp\/v2\/comments?post=3299"}],"version-history":[{"count":4,"href":"https:\/\/www.point-editions.com\/nl\/wp-json\/wp\/v2\/posts\/3299\/revisions"}],"predecessor-version":[{"id":3306,"href":"https:\/\/www.point-editions.com\/nl\/wp-json\/wp\/v2\/posts\/3299\/revisions\/3306"}],"wp:featuredmedia":[{"embeddable":true,"href":"https:\/\/www.point-editions.com\/nl\/wp-json\/wp\/v2\/media\/3300"}],"wp:attachment":[{"href":"https:\/\/www.point-editions.com\/nl\/wp-json\/wp\/v2\/media?parent=3299"}],"wp:term":[{"taxonomy":"category","embeddable":true,"href":"https:\/\/www.point-editions.com\/nl\/wp-json\/wp\/v2\/categories?post=3299"},{"taxonomy":"post_tag","embeddable":true,"href":"https:\/\/www.point-editions.com\/nl\/wp-json\/wp\/v2\/tags?post=3299"}],"curies":[{"name":"wp","href":"https:\/\/api.w.org\/{rel}","templated":true}]}}